{"id":942,"date":"2020-09-25T14:44:34","date_gmt":"2020-09-25T14:44:34","guid":{"rendered":"https:\/\/seteban.net.br\/anapolis\/?p=942"},"modified":"2020-12-04T23:47:57","modified_gmt":"2020-12-04T23:47:57","slug":"heliel-gomes-de-carvalho-2","status":"publish","type":"post","link":"https:\/\/seteban.net.br\/anapolis\/2020\/09\/25\/heliel-gomes-de-carvalho-2\/","title":{"rendered":"Pr. Heliel Gomes de Carvalho"},"content":{"rendered":"<p style=\"text-align: center;\"><a href=\"https:\/\/seteban.net.br\/anapolis\/whatsapp-image-2020-08-17-at-11-44-29\/\"><img fetchpriority=\"high\" decoding=\"async\" class=\"aligncenter size-medium wp-image-686\" src=\"https:\/\/seteban.net.br\/anapolis\/wp-content\/uploads\/2020\/08\/WhatsApp-Image-2020-08-17-at-11.44.29-300x225.jpeg\" alt=\"\" width=\"300\" height=\"225\" srcset=\"https:\/\/seteban.net.br\/anapolis\/wp-content\/uploads\/2020\/08\/WhatsApp-Image-2020-08-17-at-11.44.29-300x225.jpeg 300w, https:\/\/seteban.net.br\/anapolis\/wp-content\/uploads\/2020\/08\/WhatsApp-Image-2020-08-17-at-11.44.29-1024x768.jpeg 1024w, https:\/\/seteban.net.br\/anapolis\/wp-content\/uploads\/2020\/08\/WhatsApp-Image-2020-08-17-at-11.44.29-768x576.jpeg 768w, https:\/\/seteban.net.br\/anapolis\/wp-content\/uploads\/2020\/08\/WhatsApp-Image-2020-08-17-at-11.44.29.jpeg 1280w\" sizes=\"(max-width: 300px) 100vw, 300px\" \/><\/a><\/p>\n<h4 style=\"text-align: center;\"><strong>Pr. Heliel Gomes de Carvalho<\/strong><\/h4>\n<h4 style=\"text-align: center;\"><strong>Professor Visitante<\/strong><\/h4>\n<div class=\"title-wrapper\">\n<h4 style=\"text-align: center;\" tabindex=\"0\">Forma\u00e7\u00e3o Acad\u00eamica \/ Titula\u00e7\u00e3o<\/h4>\n<hr class=\"separator\" \/>\n<div class=\"layout-cell layout-cell-12 data-cell\">\n<div class=\"layout-cell layout-cell-3 text-align-right\">\n<div class=\"layout-cell-pad-5 text-align-right\"><b>2017 \u2013\u00a0<\/b>Doutorado em andamento em Hist\u00f3ria<span class=\"ajaxCAPES\" data-param=\"&amp;codigoCurso=52001016002P0&amp;nivelCurso=D\">\u00a0(Conceito CAPES 5)<\/span>.<\/div>\n<\/div>\n<div class=\"layout-cell layout-cell-9\">\n<div class=\"layout-cell-pad-5\">Universidade Federal de Goi\u00e1s, UFG, Brasil.<br class=\"clear\" \/>T\u00edtulo: James Fanstone e o saber m\u00e9dico: a constru\u00e7\u00e3o de uma agenda para a froteira Oeste Brasil do in\u00edcio do S\u00e9culo XX,<br class=\"clear\" \/>Orientador: Sonia Maria Magalh\u00e3es.<br class=\"clear\" \/>Palavras-chave: Hist\u00f3ria da Saude; Protestantismo; Goi\u00e1s.<br class=\"clear\" \/>Grande \u00e1rea: Ci\u00eancias Humanas<br class=\"clear\" \/>Grande \u00c1rea: Ci\u00eancias Humanas \/ \u00c1rea: Hist\u00f3ria \/ Sub\u00e1rea: Hist\u00f3ria das Ci\u00eancias.<br class=\"clear\" \/>Grande \u00c1rea: Ci\u00eancias Humanas \/ \u00c1rea: Hist\u00f3ria \/ Sub\u00e1rea: Hist\u00f3ria do Brasil \/ Especialidade: Hist\u00f3ria do Brasil Rep\u00fablica.<br class=\"clear\" \/>Setores de atividade: Educa\u00e7\u00e3o.<\/div>\n<\/div>\n<div class=\"layout-cell layout-cell-3 text-align-right\">\n<div><\/div>\n<div class=\"layout-cell-pad-5 text-align-right\"><b>2013 \u2013 2015 \u2013\u00a0<\/b>Mestrado em Sociedade, Tecnologia e Meio Ambiente<span class=\"ajaxCAPES\" data-param=\"&amp;codigoCurso=52006018001P5&amp;nivelCurso=M\">\u00a0(Conceito CAPES 4)<\/span>.<\/div>\n<\/div>\n<div class=\"layout-cell layout-cell-9\">\n<div class=\"layout-cell-pad-5\">Centro Universit\u00e1rio de An\u00e1polis, UniEVANGELICA, Brasil.<br class=\"clear\" \/>T\u00edtulo: James Fanstone: Protestantismo, Medicina como Voca\u00e7\u00e3o e Legado Social na Fronteira Goi\u00e1s na Primeira Metade do S\u00e9culo XX,Ano de Obten\u00e7\u00e3o: 2015.<br class=\"clear\" \/>Orientador: Sandro Dutra e Silva.<br class=\"clear\" \/>Coorientador: Giovana Galv\u00e3o Tavares.<br class=\"clear\" \/>Bolsista do(a): Funda\u00e7\u00e3o de Amparo a Pesquisa do Estado de Goi\u00e1s, FAPEG\/GO, Brasil.<br class=\"clear\" \/>Grande \u00e1rea: Ci\u00eancias Humanas<br class=\"clear\" \/>Grande \u00c1rea: Ci\u00eancias Humanas \/ \u00c1rea: Hist\u00f3ria.<br class=\"clear\" \/>Grande \u00c1rea: Ci\u00eancias Humanas \/ \u00c1rea: Teologia.<br class=\"clear\" \/>Setores de atividade: Educa\u00e7\u00e3o; Atividades de aten\u00e7\u00e3o \u00e0 sa\u00fade humana.<\/div>\n<\/div>\n<div class=\"layout-cell layout-cell-3 text-align-right\">\n<div><\/div>\n<div class=\"layout-cell-pad-5 text-align-right\"><b>2004 \u2013 2009 \u2013\u00a0<\/b>Mestrado em Teologia Pastoral com Enfase em Aconselhamento.<\/div>\n<\/div>\n<div class=\"layout-cell layout-cell-9\">\n<div class=\"layout-cell-pad-5\">Centro Presbiteriano de P\u00f3s-Gradua\u00e7\u00e3o Andrew Jumper, CPAJ, Brasil.<br class=\"clear\" \/>T\u00edtulo: A doutrina da voca\u00e7\u00e3o ministerial como fundamento do pastoreio de pastores,Ano de Obten\u00e7\u00e3o: 2009.<br class=\"clear\" \/>Orientador: Valdeci da Silva Santos.<br class=\"clear\" \/>Bolsista do(a): Igreja Presbiteriana do Brasil, IPB, Brasil.<\/div>\n<\/div>\n<div class=\"layout-cell layout-cell-3 text-align-right\">\n<div><\/div>\n<div class=\"layout-cell-pad-5 text-align-right\"><b>2008 \u2013 2009 \u2013\u00a0<\/b>Especializa\u00e7\u00e3o em Doc\u00eancia Universit\u00e1ria. (Carga Hor\u00e1ria: 540h).<\/div>\n<\/div>\n<div class=\"layout-cell layout-cell-9\">\n<div class=\"layout-cell-pad-5\">Faculdade Cat\u00f3lica de An\u00e1polis, FCA, Brasil.<br class=\"clear\" \/>T\u00edtulo: O Ethos Protestante e o desenvolvimento da Educa\u00e7\u00e3o e Sa\u00fade em An\u00e1polis..<br class=\"clear\" \/>Orientador: Marcia.<\/div>\n<\/div>\n<div class=\"layout-cell layout-cell-3 text-align-right\">\n<div><\/div>\n<div class=\"layout-cell-pad-5 text-align-right\"><b>2005 \u2013 2006 \u2013\u00a0<\/b>Gradua\u00e7\u00e3o.<\/div>\n<\/div>\n<div class=\"layout-cell layout-cell-9\">\n<div class=\"layout-cell-pad-5\">Faculdade de Ci\u00eancias, Educa\u00e7\u00e3o e Teologia do Norte do Brasil, FACETEN, Brasil.<\/div>\n<\/div>\n<div class=\"layout-cell layout-cell-3 text-align-right\">\n<div><\/div>\n<div class=\"layout-cell-pad-5 text-align-right\"><b>1997 \u2013 2000 \u2013\u00a0<\/b>Gradua\u00e7\u00e3o em Bacharel em Teologia.<\/div>\n<\/div>\n<div class=\"layout-cell layout-cell-9\">\n<div class=\"layout-cell-pad-5\">Semin\u00e1rio Presbiteriano do Sul, SPS, Brasil.<br class=\"clear\" \/>Bolsista do(a): Igreja Presbiteriana do Brasil, IPB, Brasil.<\/div>\n<\/div>\n<\/div>\n<\/div>\n<h4><strong>Forma\u00e7\u00e3o Complementar<\/strong><\/h4>\n<div class=\"title-wrapper\">\n<hr class=\"separator\" \/>\n<div class=\"layout-cell layout-cell-12 data-cell\">\n<div class=\"layout-cell layout-cell-3 text-align-right\">\n<div class=\"layout-cell-pad-5 text-align-right\"><b>2017 \u2013 2017 \u2013\u00a0<\/b>Bem viver. (Carga hor\u00e1ria: 3h).<\/div>\n<\/div>\n<div class=\"layout-cell layout-cell-9\">\n<div class=\"layout-cell-pad-5\">Centro Universit\u00e1rio de An\u00e1polis, UniEVANGELICA, Brasil.<\/div>\n<\/div>\n<div class=\"layout-cell layout-cell-3 text-align-right\">\n<div class=\"layout-cell-pad-5 text-align-right\"><b>2016 \u2013 2016 \u2013\u00a0<\/b>Extens\u00e3o universit\u00e1ria em Cidad\u00e3 Itinerante Amaz\u00f4nia: Ecuca\u00e7\u00e3o, sa\u00fade e cidadania-2016- 1\u00b0 viagem. (Carga hor\u00e1ria: 180h).<\/div>\n<\/div>\n<div class=\"layout-cell layout-cell-9\">\n<div class=\"layout-cell-pad-5\">Centro Universit\u00e1rio de An\u00e1polis, UniEVANGELICA, Brasil.<\/div>\n<\/div>\n<div class=\"layout-cell layout-cell-3 text-align-right\">\n<div class=\"layout-cell-pad-5 text-align-right\"><b>2016 \u2013 2016 \u2013\u00a0<\/b>Extens\u00e3o universit\u00e1ria em English language.<\/div>\n<\/div>\n<div class=\"layout-cell layout-cell-9\">\n<div class=\"layout-cell-pad-5\">Uptime Consultants, UPTIME, Brasil.<\/div>\n<\/div>\n<div class=\"layout-cell layout-cell-3 text-align-right\">\n<div class=\"layout-cell-pad-5 text-align-right\"><b>2016 \u2013 2016 \u2013\u00a0<\/b>O curr\u00edculo na forma\u00e7\u00e3o superior: articula\u00e7\u00e3o esino, pesquisa e extens\u00e3o. (Carga hor\u00e1ria: 4h).<\/div>\n<\/div>\n<div class=\"layout-cell layout-cell-9\">\n<div class=\"layout-cell-pad-5\">Centro Universit\u00e1rio de An\u00e1polis, UniEVANGELICA, Brasil.<\/div>\n<\/div>\n<div class=\"layout-cell layout-cell-3 text-align-right\">\n<div class=\"layout-cell-pad-5 text-align-right\"><b>2016 \u2013 2016 \u2013\u00a0<\/b>Introdu\u00e7\u00e3o a Educa\u00e7\u00e3o Superior em Odontologia. (Carga hor\u00e1ria: 8h).<\/div>\n<\/div>\n<div class=\"layout-cell layout-cell-9\">\n<div class=\"layout-cell-pad-5\">Centro Universit\u00e1rio de An\u00e1polis, UniEVANGELICA, Brasil.<\/div>\n<\/div>\n<div class=\"layout-cell layout-cell-3 text-align-right\">\n<div class=\"layout-cell-pad-5 text-align-right\"><b>2016 \u2013 2016 \u2013\u00a0<\/b>XIV Semin\u00e1rio Interdisciplinar de Tecnologia e Sociedade. (Carga hor\u00e1ria: 4h).<\/div>\n<\/div>\n<div class=\"layout-cell layout-cell-9\">\n<div class=\"layout-cell-pad-5\">Centro Universit\u00e1rio de An\u00e1polis, UniEVANGELICA, Brasil.<\/div>\n<\/div>\n<div class=\"layout-cell layout-cell-3 text-align-right\">\n<div class=\"layout-cell-pad-5 text-align-right\"><b>2016 \u2013 2016 \u2013\u00a0<\/b>Metodologias de Ensino em Aprendizagem ativa e colaborativa. (Carga hor\u00e1ria: 4h).<\/div>\n<\/div>\n<div class=\"layout-cell layout-cell-9\">\n<div class=\"layout-cell-pad-5\">Centro Universit\u00e1rio de An\u00e1polis, UniEVANGELICA, Brasil.<\/div>\n<\/div>\n<div class=\"layout-cell layout-cell-3 text-align-right\">\n<div class=\"layout-cell-pad-5 text-align-right\"><b>2016 \u2013 2016 \u2013\u00a0<\/b>X Semin\u00e1rio de Avalia\u00e7\u00e3o Institucional. (Carga hor\u00e1ria: 4h).<\/div>\n<\/div>\n<div class=\"layout-cell layout-cell-9\">\n<div class=\"layout-cell-pad-5\">Centro Universit\u00e1rio de An\u00e1polis, UniEVANGELICA, Brasil.<\/div>\n<\/div>\n<div class=\"layout-cell layout-cell-3 text-align-right\">\n<div class=\"layout-cell-pad-5 text-align-right\"><b>2015 \u2013 2015 \u2013\u00a0<\/b>Psicologia rima com respeito. (Carga hor\u00e1ria: 6h).<\/div>\n<\/div>\n<div class=\"layout-cell layout-cell-9\">\n<div class=\"layout-cell-pad-5\">Centro Universit\u00e1rio de An\u00e1polis, UniEVANGELICA, Brasil.<\/div>\n<\/div>\n<div class=\"layout-cell layout-cell-3 text-align-right\">\n<div class=\"layout-cell-pad-5 text-align-right\"><b>2015 \u2013 2015 \u2013\u00a0<\/b>F\u00f3rum ENADE 2015. (Carga hor\u00e1ria: 4h).<\/div>\n<\/div>\n<div class=\"layout-cell layout-cell-9\">\n<div class=\"layout-cell-pad-5\">Centro Universit\u00e1rio de An\u00e1polis, UniEVANGELICA, Brasil.<\/div>\n<\/div>\n<div class=\"layout-cell layout-cell-3 text-align-right\">\n<div class=\"layout-cell-pad-5 text-align-right\"><b>2015 \u2013 2015 \u2013\u00a0<\/b>I Aula Inaugural da liga de aten\u00e7\u00e3o a pacientes especiais nos Ciclo de Vida. (Carga hor\u00e1ria: 2015h).<\/div>\n<\/div>\n<div class=\"layout-cell layout-cell-9\">\n<div class=\"layout-cell-pad-5\">Centro Universit\u00e1rio de An\u00e1polis, UniEVANGELICA, Brasil.<\/div>\n<\/div>\n<div class=\"layout-cell layout-cell-3 text-align-right\">\n<div class=\"layout-cell-pad-5 text-align-right\"><b>2015 \u2013 2015 \u2013\u00a0<\/b>F\u00f3rum dos Cursos de Direito da AEE. (Carga hor\u00e1ria: 4h).<\/div>\n<\/div>\n<div class=\"layout-cell layout-cell-9\">\n<div class=\"layout-cell-pad-5\">Centro Universit\u00e1rio de An\u00e1polis, UniEVANGELICA, Brasil.<\/div>\n<\/div>\n<div class=\"layout-cell layout-cell-3 text-align-right\">\n<div class=\"layout-cell-pad-5 text-align-right\"><b>2014 \u2013 2014 \u2013\u00a0<\/b>Convic\u00eancia com O.S.C.E. (Carga hor\u00e1ria: 4h).<\/div>\n<\/div>\n<div class=\"layout-cell layout-cell-9\">\n<div class=\"layout-cell-pad-5\">Centro Universit\u00e1rio de An\u00e1polis, UniEVANGELICA, Brasil.<\/div>\n<\/div>\n<div class=\"layout-cell layout-cell-3 text-align-right\">\n<div class=\"layout-cell-pad-5 text-align-right\"><b>2014 \u2013 2014 \u2013\u00a0<\/b>Tr\u00e1fico Humano. (Carga hor\u00e1ria: 2h).<\/div>\n<\/div>\n<div class=\"layout-cell layout-cell-9\">\n<div class=\"layout-cell-pad-5\">Centro Universit\u00e1rio de An\u00e1polis, UniEVANGELICA, Brasil.<\/div>\n<\/div>\n<div class=\"layout-cell layout-cell-3 text-align-right\">\n<div class=\"layout-cell-pad-5 text-align-right\"><b>2014 \u2013 2014 \u2013\u00a0<\/b>VIII Semin\u00e1rio de Avalia\u00e7\u00e3o Institucional e IV encontro das CPA. (Carga hor\u00e1ria: 4h).<\/div>\n<\/div>\n<div class=\"layout-cell layout-cell-9\">\n<div class=\"layout-cell-pad-5\">Centro Universit\u00e1rio de An\u00e1polis, UniEVANGELICA, Brasil.<\/div>\n<\/div>\n<\/div>\n<\/div>\n","protected":false},"excerpt":{"rendered":"<p>Pr. Heliel Gomes de Carvalho Professor Visitante Forma\u00e7\u00e3o Acad\u00eamica \/ Titula\u00e7\u00e3o 2017 \u2013\u00a0Doutorado em andamento em Hist\u00f3ria\u00a0(Conceito CAPES 5). Universidade Federal de Goi\u00e1s, UFG, Brasil.T\u00edtulo: James Fanstone e o saber m\u00e9dico: a constru\u00e7\u00e3o de uma agenda para a froteira Oeste Brasil do in\u00edcio do S\u00e9culo XX,Orientador: Sonia Maria Magalh\u00e3es.Palavras-chave: Hist\u00f3ria da Saude; Protestantismo; Goi\u00e1s.Grande \u00e1rea: Ci\u00eancias HumanasGrande \u00c1rea: Ci\u00eancias Humanas [&hellip;]<\/p>\n","protected":false},"author":3,"featured_media":953,"comment_status":"open","ping_status":"open","sticky":false,"template":"","format":"standard","meta":{"_joinchat":[],"footnotes":""},"categories":[10],"tags":[],"class_list":["post-942","post","type-post","status-publish","format-standard","has-post-thumbnail","hentry","category-professores"],"_links":{"self":[{"href":"https:\/\/seteban.net.br\/anapolis\/wp-json\/wp\/v2\/posts\/942","targetHints":{"allow":["GET"]}}],"collection":[{"href":"https:\/\/seteban.net.br\/anapolis\/wp-json\/wp\/v2\/posts"}],"about":[{"href":"https:\/\/seteban.net.br\/anapolis\/wp-json\/wp\/v2\/types\/post"}],"author":[{"embeddable":true,"href":"https:\/\/seteban.net.br\/anapolis\/wp-json\/wp\/v2\/users\/3"}],"replies":[{"embeddable":true,"href":"https:\/\/seteban.net.br\/anapolis\/wp-json\/wp\/v2\/comments?post=942"}],"version-history":[{"count":3,"href":"https:\/\/seteban.net.br\/anapolis\/wp-json\/wp\/v2\/posts\/942\/revisions"}],"predecessor-version":[{"id":1018,"href":"https:\/\/seteban.net.br\/anapolis\/wp-json\/wp\/v2\/posts\/942\/revisions\/1018"}],"wp:featuredmedia":[{"embeddable":true,"href":"https:\/\/seteban.net.br\/anapolis\/wp-json\/wp\/v2\/media\/953"}],"wp:attachment":[{"href":"https:\/\/seteban.net.br\/anapolis\/wp-json\/wp\/v2\/media?parent=942"}],"wp:term":[{"taxonomy":"category","embeddable":true,"href":"https:\/\/seteban.net.br\/anapolis\/wp-json\/wp\/v2\/categories?post=942"},{"taxonomy":"post_tag","embeddable":true,"href":"https:\/\/seteban.net.br\/anapolis\/wp-json\/wp\/v2\/tags?post=942"}],"curies":[{"name":"wp","href":"https:\/\/api.w.org\/{rel}","templated":true}]}}