{"id":938,"date":"2020-09-25T14:40:26","date_gmt":"2020-09-25T14:40:26","guid":{"rendered":"https:\/\/seteban.net.br\/anapolis\/?p=938"},"modified":"2020-12-04T23:48:11","modified_gmt":"2020-12-04T23:48:11","slug":"rev-ronaldo-de-paula-2","status":"publish","type":"post","link":"https:\/\/seteban.net.br\/anapolis\/2020\/09\/25\/rev-ronaldo-de-paula-2\/","title":{"rendered":"Rev. Ronaldo cavalcante"},"content":{"rendered":"<p style=\"text-align: center;\"><a href=\"https:\/\/seteban.net.br\/anapolis\/2020\/09\/25\/rev-ronaldo-de-paula-2\/visitante-aula-magna-1\/\" rel=\"attachment wp-att-747\"><img fetchpriority=\"high\" decoding=\"async\" class=\"aligncenter wp-image-944 size-medium\" src=\"https:\/\/seteban.net.br\/anapolis\/wp-content\/uploads\/2020\/09\/visitante-Aula-Magna-1-300x251.jpg\" alt=\"\" width=\"300\" height=\"251\" \/><\/a><\/p>\n<p><strong>Forma\u00e7\u00e3o Acad\u00eamica\u00a0<\/strong><\/p>\n<p>Possui Gradua\u00e7\u00e3o em Teologia Pastoral pela Faculdade Teol\u00f3gica Batista de Brasilia (1983), convalidado na Escola Superior de Teologia-RS e apostilado na Universidade Federal do Rio Grande do Sul; Mestrado em Teologia Dogm\u00e1tica \u2013 Universidad Pontificia de Salamanca (1992) e Doutorado em Teologia Dogm\u00e1tica \u2013 Universidad Pontificia de Salamanca (1998), convalidado em 2005 na Universidade Metodista de S\u00e3o Paulo (UMESP).<\/p>\n<p>2002 a 2011 \u2013 foi professor adjunto 2 na Universidade Presbiteriana Mackenzie em S\u00e3o Paulo, nas \u00e1reas de Teologia, Ci\u00eancias da Religi\u00e3o e Filosofia da Educa\u00e7\u00e3o. Tem experi\u00eancia na \u00e1rea de teologia, com \u00eanfase em Teologia Dogm\u00e1tica, atuando principalmente nos seguintes temas: Teologia Mon\u00e1stica e Escol\u00e1stica, Reforma Protestante e Cultura, Reforma Protestante e Humanismo e Hist\u00f3ria da Espiritualidade Crist\u00e3, Filosofia Pol\u00edtica Moderna e da Educa\u00e7\u00e3o. Membro da SBPC \u2013 Sociedade Brasileira para o Progreso da Ci\u00eancia. Membro da SOTER \u2013 Sociedade de Teologia e Ci\u00eancias da Religi\u00e3o. Membro da FTLB \u2013 Fraternidade Teol\u00f3gica Latino Americana \u2013 Brasil. Em junho de 2009 finalizou seu EST\u00c1GIO DE P\u00d3S-DOUTORAMENTO na Faculdades EST de Teologia \u2013 S\u00e3o Leopoldo-RS, sob supervis\u00e3o do Dr. Rudolf von Sinner. T\u00edtulo da pesquisa: \u201cA CIDADE E O GUETO \u2013 Proleg\u00f4menos a uma Teologia P\u00fablica Protestante face ao Neofundamentalismo Evang\u00e9lico no Brasil\u201d.<\/p>\n<p>Fevereiro 2010 a Janeiro 2011 \u2013 trabalhou como Pesquisador \u2013 Visitante na Faculdades EST de S\u00e3o Leopoldo-RS, no departamento de P\u00f3s-Gradua\u00e7\u00e3o.<\/p>\n<p>Mar\u00e7o de 2012 \u2013 \u00e9 professor de gradua\u00e7\u00e3o e P\u00f3s-Gradua\u00e7\u00e3o em regime de tempo integral na Faculdade Unida de Vit\u00f3ria-ES. Nesta IES.<\/p>\n<p>2014-2015 \u2013 criou e coordenou a C\u00e1tedra de Teologia P\u00fablica e Estudos da Religi\u00e3o e seus dois N\u00facleos de Pesquisa.<\/p>\n<p>Fevereiro de 2014\u00a0 \u2013 est\u00e1 como pesquisador na NPDU da Faculdade de Direito da UniEvang\u00e9lica em An\u00e1polis GO. Nesta institui\u00e7\u00e3o ministra as disciplinas \u00c9tica, Cidadania e Espiritualidade e Orienta\u00e7\u00e3o Profissional e Forma\u00e7\u00e3o Human\u00edstica.<\/p>\n<p>Janeiro de 2016 \u2013 esteve como Visiting Scholar no Princeton Theological Seminary em Princeton-New Jersey, at\u00e9 Janeiro de 2017, sendo bolsista da CAPES por meio do Est\u00e1gio S\u00eanior.<\/p>\n","protected":false},"excerpt":{"rendered":"<p>Forma\u00e7\u00e3o Acad\u00eamica\u00a0 Possui Gradua\u00e7\u00e3o em Teologia Pastoral pela Faculdade Teol\u00f3gica Batista de Brasilia (1983), convalidado na Escola Superior de Teologia-RS e apostilado na Universidade Federal do Rio Grande do Sul; Mestrado em Teologia Dogm\u00e1tica \u2013 Universidad Pontificia de Salamanca (1992) e Doutorado em Teologia Dogm\u00e1tica \u2013 Universidad Pontificia de Salamanca (1998), convalidado em 2005 na Universidade Metodista de S\u00e3o Paulo [&hellip;]<\/p>\n","protected":false},"author":3,"featured_media":950,"comment_status":"open","ping_status":"open","sticky":false,"template":"","format":"standard","meta":{"_joinchat":[],"footnotes":""},"categories":[10],"tags":[],"class_list":["post-938","post","type-post","status-publish","format-standard","has-post-thumbnail","hentry","category-professores"],"_links":{"self":[{"href":"https:\/\/seteban.net.br\/anapolis\/wp-json\/wp\/v2\/posts\/938","targetHints":{"allow":["GET"]}}],"collection":[{"href":"https:\/\/seteban.net.br\/anapolis\/wp-json\/wp\/v2\/posts"}],"about":[{"href":"https:\/\/seteban.net.br\/anapolis\/wp-json\/wp\/v2\/types\/post"}],"author":[{"embeddable":true,"href":"https:\/\/seteban.net.br\/anapolis\/wp-json\/wp\/v2\/users\/3"}],"replies":[{"embeddable":true,"href":"https:\/\/seteban.net.br\/anapolis\/wp-json\/wp\/v2\/comments?post=938"}],"version-history":[{"count":5,"href":"https:\/\/seteban.net.br\/anapolis\/wp-json\/wp\/v2\/posts\/938\/revisions"}],"predecessor-version":[{"id":1015,"href":"https:\/\/seteban.net.br\/anapolis\/wp-json\/wp\/v2\/posts\/938\/revisions\/1015"}],"wp:featuredmedia":[{"embeddable":true,"href":"https:\/\/seteban.net.br\/anapolis\/wp-json\/wp\/v2\/media\/950"}],"wp:attachment":[{"href":"https:\/\/seteban.net.br\/anapolis\/wp-json\/wp\/v2\/media?parent=938"}],"wp:term":[{"taxonomy":"category","embeddable":true,"href":"https:\/\/seteban.net.br\/anapolis\/wp-json\/wp\/v2\/categories?post=938"},{"taxonomy":"post_tag","embeddable":true,"href":"https:\/\/seteban.net.br\/anapolis\/wp-json\/wp\/v2\/tags?post=938"}],"curies":[{"name":"wp","href":"https:\/\/api.w.org\/{rel}","templated":true}]}}